{"id":9333,"date":"2026-01-23T14:40:42","date_gmt":"2026-01-23T13:40:42","guid":{"rendered":"https:\/\/www.erfi.de\/news\/erfi-arbeitsplatzsysteme-im-mittelpunkt-der-forschung\/"},"modified":"2026-01-23T14:53:26","modified_gmt":"2026-01-23T13:53:26","slug":"erfi-arbeitsplatzsysteme-im-mittelpunkt-der-forschung","status":"publish","type":"news","link":"https:\/\/www.erfi.de\/en\/news\/erfi-arbeitsplatzsysteme-im-mittelpunkt-der-forschung\/","title":{"rendered":"erfi Workstation Systems at the Heart of Research"},"content":{"rendered":"\n\n\t<section id=\"img-text-50-50-block_2d7321058428067ab1b931620c8c616b\" class=\"img-text-50-50 margin-vert\" data-uniqid=\"69f1e75d6fa82\">\n\t\t<div class=\"container\">\n\t\t\t<div class=\"img-text-50-50__grid \">\n\t\t\t\t<div class=\"img-text-50-50__content\">\n\t\t\t\t\t<div>\n\t\t\t\t\t\t\t\t\t\t\t\t\t<div class=\"subheadline_default\">erfi Workstation Systems at the Heart of Research<\/div>\n\t\t\t\t\t\t\t\t\t\t\t\t\t\t\t\t\t\t\t<div class=\"headline_default headline_h2\">\n\t\t\t\t\t\t\t\t<div class=\"html-div xdj266r xat24cr x1lziwak xexx8yu xyri2b x18d9i69 x1c1uobl x9f619 xjbqb8w x78zum5 x15mokao x1ga7v0g x16uus16 xbiv7yw x2fvf9 x1n2onr6 x1plvlek xryxfnj x1c4vz4f x2lah0s xdt5ytf xqjyukv x1qjc9v5 x1oa3qoh x1nhvcw1\">\n<p>erfi Workstation Systems at the Heart of Research<\/p>\n<\/div>\n\t\t\t\t\t\t\t<\/div>\n\t\t\t\t\t\t\t\t\t\t\t<\/div>\n\t\t\t\t\t\t\t\t\t\t\t<div class=\"text_default\">\n\t\t\t\t\t\t\t<p class=\"_ap3a _aaco _aacu _aacx _aad7 _aade\" dir=\"auto\">Innovation begins at the workplace \u2013 and that\u2019s exactly where erfi comes in.<br \/>\nAt the Center for Telematics (ZfT) W\u00fcrzburg, this was recently impressively demonstrated in a SAT.1 feature on microsatellite development.<\/p>\n<p>Our modular, high-performance workstations provide the physical foundation for precise, safe, and efficient work \u2013 in environments where every screw, measurement, and movement matters.<\/p>\n<p>erfi workstations are specifically designed for research and development. They deliver mechanical top-level stability, flatness, and freedom from vibrations \u2013 ideal for ultra-fine assemblies, sensitive electronics, and highly precise measurements. Height-adjustable surfaces, modular mounts, and individually configurable storage ensure ergonomic working over extended periods.<\/p>\n<p>In addition, our systems seamlessly integrate power, measurement, and IT infrastructure. Devices, sensors, and instruments can be easily connected, while cable management, power supply, and data lines remain organized and accessible. The modular design allows rapid adaptation to new processes or research steps \u2013 enabling precise, efficient, and reproducible work.<\/p>\n<p>Teams can plan complex workflows with accuracy, organize tasks efficiently, and conduct repeatable test sequences. The combination of mechanical stability, ergonomic design, and integrated infrastructure ensures safe, reproducible processes at the highest quality level \u2013 a decisive factor in aerospace engineering.<\/p>\n<p>The SAT.1 feature shows that erfi does more than provide high-quality workstations \u2013 we create the technological foundation for cutting-edge research. Our solutions enable teams to work innovatively, efficiently, and reliably, making projects like microsatellite development at ZfT W\u00fcrzburg possible.<\/p>\n<p>With modular, high-performance, and ergonomic systems, erfi sets standards for precision, flexibility, and process reliability \u2013 elevating high-tech research to a new level.<\/p>\n<p>Your erfi Team in Freudenstadt<\/p>\n\t\t\t\t\t\t<\/div>\n\t\t\t\t\t\t\t\t\t\t\t\t\t\t<\/div>\n\t\t\t\t<div class=\"img-text-50-50__img radius-16\">\n\n\n\t\t\t\t\t\t\t\t\t\t\t\t\t\t\t\t\t\t<div class=\"img_default\">\n\t\t\t\t\t\t\t\t<img loading=\"lazy\" decoding=\"async\" width=\"1080\" height=\"1080\" src=\"https:\/\/www.erfi.de\/wp-content\/uploads\/2026\/01\/erfi23.png\" class=\"attachment-full size-full\" alt=\"erfi(23)\" title=\"erfi(23)\" srcset=\"https:\/\/www.erfi.de\/wp-content\/uploads\/2026\/01\/erfi23.png 1080w, https:\/\/www.erfi.de\/wp-content\/uploads\/2026\/01\/erfi23-300x300.png 300w, https:\/\/www.erfi.de\/wp-content\/uploads\/2026\/01\/erfi23-1024x1024.png 1024w, https:\/\/www.erfi.de\/wp-content\/uploads\/2026\/01\/erfi23-150x150.png 150w, https:\/\/www.erfi.de\/wp-content\/uploads\/2026\/01\/erfi23-768x768.png 768w\" sizes=\"auto, (max-width: 1080px) 100vw, 1080px\" \/>\t\t\t\t\t\t\t<\/div>\n\t\t\t\t\t\t\t\t\t\t\t\n\n\t\t\t\t<\/div>\n\t\t\t<\/div>\n\t\t<\/div>\n\n\t<\/section>\n\n\t<script>\n\t\tdocument.addEventListener(\"DOMContentLoaded\", function() {\n\t\t\tconst Videos = document.querySelectorAll('section[data-uniqid=\"69f1e75d6fa82\"] .VideoCardContentVideo');\n\t\t\tVideos.forEach((Video) => {\n\n\t\t\t\tconst player = videojs(Video.querySelector('video').id);\n\n\t\t\t\tconst thumbnail = Video.querySelector('.VideoCardContentVideoThumbnail');\n\t\t\t\tthumbnail.addEventListener('click', () => {\n\t\t\t\t\tplayer.ready(() => {\n\t\t\t\t\t\tplayer.play();\n\t\t\t\t\t});\n\t\t\t\t\tthumbnail.style.display = 'none';\n\t\t\t\t})\n\n\n\t\t\t\tdocument.addEventListener('click', (e) => {\n\t\t\t\t\tif (e.target === Video) {\n\t\t\t\t\t\tplayer.pause();\n\n\t\t\t\t\t}\n\t\t\t\t});\n\t\t\t});\n\t\t});\n\t<\/script>\n\n","protected":false},"excerpt":{"rendered":"<p>erfi-Arbeitsplatzsysteme im Mittelpunkt der Forschung<\/p>\n","protected":false},"author":9,"featured_media":9334,"template":"","meta":{"_acf_changed":true,"_processed":"false"},"tags":[],"class_list":["post-9333","news","type-news","status-publish","has-post-thumbnail","hentry"],"acf":[],"yoast_head":"<!-- This site is optimized with the Yoast SEO plugin v25.8 - https:\/\/yoast.com\/wordpress\/plugins\/seo\/ -->\n<title>erfi Workstation Systems at the Heart of Research - erfi<\/title>\n<meta name=\"robots\" content=\"index, follow, max-snippet:-1, max-image-preview:large, max-video-preview:-1\" \/>\n<link rel=\"canonical\" href=\"https:\/\/www.erfi.de\/en\/news\/erfi-arbeitsplatzsysteme-im-mittelpunkt-der-forschung\/\" \/>\n<meta property=\"og:locale\" content=\"en_US\" \/>\n<meta property=\"og:type\" content=\"article\" \/>\n<meta property=\"og:title\" content=\"erfi Workstation Systems at the Heart of Research - erfi\" \/>\n<meta property=\"og:description\" content=\"erfi-Arbeitsplatzsysteme im Mittelpunkt der Forschung\" \/>\n<meta property=\"og:url\" content=\"https:\/\/www.erfi.de\/en\/news\/erfi-arbeitsplatzsysteme-im-mittelpunkt-der-forschung\/\" \/>\n<meta property=\"og:site_name\" content=\"erfi\" \/>\n<meta property=\"article:modified_time\" content=\"2026-01-23T13:53:26+00:00\" \/>\n<meta property=\"og:image\" content=\"https:\/\/www.erfi.de\/wp-content\/uploads\/2026\/01\/erfi23.png\" \/>\n\t<meta property=\"og:image:width\" content=\"1080\" \/>\n\t<meta property=\"og:image:height\" content=\"1080\" \/>\n\t<meta property=\"og:image:type\" content=\"image\/png\" \/>\n<meta name=\"twitter:card\" content=\"summary_large_image\" \/>\n<meta name=\"twitter:label1\" content=\"Est. reading time\" \/>\n\t<meta name=\"twitter:data1\" content=\"1 minute\" \/>\n<script type=\"application\/ld+json\" class=\"yoast-schema-graph\">{\"@context\":\"https:\/\/schema.org\",\"@graph\":[{\"@type\":\"WebPage\",\"@id\":\"https:\/\/www.erfi.de\/en\/news\/erfi-arbeitsplatzsysteme-im-mittelpunkt-der-forschung\/\",\"url\":\"https:\/\/www.erfi.de\/en\/news\/erfi-arbeitsplatzsysteme-im-mittelpunkt-der-forschung\/\",\"name\":\"erfi Workstation Systems at the Heart of Research - erfi\",\"isPartOf\":{\"@id\":\"https:\/\/www.erfi.de\/en\/#website\"},\"primaryImageOfPage\":{\"@id\":\"https:\/\/www.erfi.de\/en\/news\/erfi-arbeitsplatzsysteme-im-mittelpunkt-der-forschung\/#primaryimage\"},\"image\":{\"@id\":\"https:\/\/www.erfi.de\/en\/news\/erfi-arbeitsplatzsysteme-im-mittelpunkt-der-forschung\/#primaryimage\"},\"thumbnailUrl\":\"https:\/\/www.erfi.de\/wp-content\/uploads\/2026\/01\/erfi23.png\",\"datePublished\":\"2026-01-23T13:40:42+00:00\",\"dateModified\":\"2026-01-23T13:53:26+00:00\",\"breadcrumb\":{\"@id\":\"https:\/\/www.erfi.de\/en\/news\/erfi-arbeitsplatzsysteme-im-mittelpunkt-der-forschung\/#breadcrumb\"},\"inLanguage\":\"en-US\",\"potentialAction\":[{\"@type\":\"ReadAction\",\"target\":[\"https:\/\/www.erfi.de\/en\/news\/erfi-arbeitsplatzsysteme-im-mittelpunkt-der-forschung\/\"]}]},{\"@type\":\"ImageObject\",\"inLanguage\":\"en-US\",\"@id\":\"https:\/\/www.erfi.de\/en\/news\/erfi-arbeitsplatzsysteme-im-mittelpunkt-der-forschung\/#primaryimage\",\"url\":\"https:\/\/www.erfi.de\/wp-content\/uploads\/2026\/01\/erfi23.png\",\"contentUrl\":\"https:\/\/www.erfi.de\/wp-content\/uploads\/2026\/01\/erfi23.png\",\"width\":1080,\"height\":1080,\"caption\":\"erfi(23)\"},{\"@type\":\"BreadcrumbList\",\"@id\":\"https:\/\/www.erfi.de\/en\/news\/erfi-arbeitsplatzsysteme-im-mittelpunkt-der-forschung\/#breadcrumb\",\"itemListElement\":[{\"@type\":\"ListItem\",\"position\":1,\"name\":\"Home\",\"item\":\"https:\/\/www.erfi.de\/en\/\"},{\"@type\":\"ListItem\",\"position\":2,\"name\":\"erfi Workstation Systems at the Heart of Research\"}]},{\"@type\":\"WebSite\",\"@id\":\"https:\/\/www.erfi.de\/en\/#website\",\"url\":\"https:\/\/www.erfi.de\/en\/\",\"name\":\"Effiziente Komplettl\u00f6sungen f\u00fcr Ihr Labor \u00bb\",\"description\":\"Innovative Arbeitsplatzsysteme, Lehrsysteme, Mess- und Pr\u00fcfger\u00e4te f\u00fcr Labor, Industrie und B\u00fcro. \u00dcberzeugen Sie sich von unserer Kompetenz!\",\"alternateName\":\"Innovative Arbeitsplatzsysteme, Lehrsysteme, Mess- und Pr\u00fcfger\u00e4te f\u00fcr Labor, Industrie und B\u00fcro. \u00dcberzeugen Sie sich von unserer Kompetenz!\",\"potentialAction\":[{\"@type\":\"SearchAction\",\"target\":{\"@type\":\"EntryPoint\",\"urlTemplate\":\"https:\/\/www.erfi.de\/en\/?s={search_term_string}\"},\"query-input\":{\"@type\":\"PropertyValueSpecification\",\"valueRequired\":true,\"valueName\":\"search_term_string\"}}],\"inLanguage\":\"en-US\"}]}<\/script>\n<!-- \/ Yoast SEO plugin. -->","yoast_head_json":{"title":"erfi Workstation Systems at the Heart of Research - erfi","robots":{"index":"index","follow":"follow","max-snippet":"max-snippet:-1","max-image-preview":"max-image-preview:large","max-video-preview":"max-video-preview:-1"},"canonical":"https:\/\/www.erfi.de\/en\/news\/erfi-arbeitsplatzsysteme-im-mittelpunkt-der-forschung\/","og_locale":"en_US","og_type":"article","og_title":"erfi Workstation Systems at the Heart of Research - erfi","og_description":"erfi-Arbeitsplatzsysteme im Mittelpunkt der Forschung","og_url":"https:\/\/www.erfi.de\/en\/news\/erfi-arbeitsplatzsysteme-im-mittelpunkt-der-forschung\/","og_site_name":"erfi","article_modified_time":"2026-01-23T13:53:26+00:00","og_image":[{"width":1080,"height":1080,"url":"https:\/\/www.erfi.de\/wp-content\/uploads\/2026\/01\/erfi23.png","type":"image\/png"}],"twitter_card":"summary_large_image","twitter_misc":{"Est. reading time":"1 minute"},"schema":{"@context":"https:\/\/schema.org","@graph":[{"@type":"WebPage","@id":"https:\/\/www.erfi.de\/en\/news\/erfi-arbeitsplatzsysteme-im-mittelpunkt-der-forschung\/","url":"https:\/\/www.erfi.de\/en\/news\/erfi-arbeitsplatzsysteme-im-mittelpunkt-der-forschung\/","name":"erfi Workstation Systems at the Heart of Research - erfi","isPartOf":{"@id":"https:\/\/www.erfi.de\/en\/#website"},"primaryImageOfPage":{"@id":"https:\/\/www.erfi.de\/en\/news\/erfi-arbeitsplatzsysteme-im-mittelpunkt-der-forschung\/#primaryimage"},"image":{"@id":"https:\/\/www.erfi.de\/en\/news\/erfi-arbeitsplatzsysteme-im-mittelpunkt-der-forschung\/#primaryimage"},"thumbnailUrl":"https:\/\/www.erfi.de\/wp-content\/uploads\/2026\/01\/erfi23.png","datePublished":"2026-01-23T13:40:42+00:00","dateModified":"2026-01-23T13:53:26+00:00","breadcrumb":{"@id":"https:\/\/www.erfi.de\/en\/news\/erfi-arbeitsplatzsysteme-im-mittelpunkt-der-forschung\/#breadcrumb"},"inLanguage":"en-US","potentialAction":[{"@type":"ReadAction","target":["https:\/\/www.erfi.de\/en\/news\/erfi-arbeitsplatzsysteme-im-mittelpunkt-der-forschung\/"]}]},{"@type":"ImageObject","inLanguage":"en-US","@id":"https:\/\/www.erfi.de\/en\/news\/erfi-arbeitsplatzsysteme-im-mittelpunkt-der-forschung\/#primaryimage","url":"https:\/\/www.erfi.de\/wp-content\/uploads\/2026\/01\/erfi23.png","contentUrl":"https:\/\/www.erfi.de\/wp-content\/uploads\/2026\/01\/erfi23.png","width":1080,"height":1080,"caption":"erfi(23)"},{"@type":"BreadcrumbList","@id":"https:\/\/www.erfi.de\/en\/news\/erfi-arbeitsplatzsysteme-im-mittelpunkt-der-forschung\/#breadcrumb","itemListElement":[{"@type":"ListItem","position":1,"name":"Home","item":"https:\/\/www.erfi.de\/en\/"},{"@type":"ListItem","position":2,"name":"erfi Workstation Systems at the Heart of Research"}]},{"@type":"WebSite","@id":"https:\/\/www.erfi.de\/en\/#website","url":"https:\/\/www.erfi.de\/en\/","name":"Effiziente Komplettl\u00f6sungen f\u00fcr Ihr Labor \u00bb","description":"Innovative Arbeitsplatzsysteme, Lehrsysteme, Mess- und Pr\u00fcfger\u00e4te f\u00fcr Labor, Industrie und B\u00fcro. \u00dcberzeugen Sie sich von unserer Kompetenz!","alternateName":"Innovative Arbeitsplatzsysteme, Lehrsysteme, Mess- und Pr\u00fcfger\u00e4te f\u00fcr Labor, Industrie und B\u00fcro. \u00dcberzeugen Sie sich von unserer Kompetenz!","potentialAction":[{"@type":"SearchAction","target":{"@type":"EntryPoint","urlTemplate":"https:\/\/www.erfi.de\/en\/?s={search_term_string}"},"query-input":{"@type":"PropertyValueSpecification","valueRequired":true,"valueName":"search_term_string"}}],"inLanguage":"en-US"}]}},"_links":{"self":[{"href":"https:\/\/www.erfi.de\/en\/wp-json\/wp\/v2\/news\/9333","targetHints":{"allow":["GET"]}}],"collection":[{"href":"https:\/\/www.erfi.de\/en\/wp-json\/wp\/v2\/news"}],"about":[{"href":"https:\/\/www.erfi.de\/en\/wp-json\/wp\/v2\/types\/news"}],"author":[{"embeddable":true,"href":"https:\/\/www.erfi.de\/en\/wp-json\/wp\/v2\/users\/9"}],"wp:featuredmedia":[{"embeddable":true,"href":"https:\/\/www.erfi.de\/en\/wp-json\/wp\/v2\/media\/9334"}],"wp:attachment":[{"href":"https:\/\/www.erfi.de\/en\/wp-json\/wp\/v2\/media?parent=9333"}],"wp:term":[{"taxonomy":"post_tag","embeddable":true,"href":"https:\/\/www.erfi.de\/en\/wp-json\/wp\/v2\/tags?post=9333"}],"curies":[{"name":"wp","href":"https:\/\/api.w.org\/{rel}","templated":true}]}}